{"id":490,"date":"2021-06-12T18:15:00","date_gmt":"2021-06-12T16:15:00","guid":{"rendered":"http:\/\/www.teilzeit-wg.de\/?p=490"},"modified":"2021-06-10T18:14:09","modified_gmt":"2021-06-10T16:14:09","slug":"klopapier-als-abo-teilzeit-wg-der-podcast-folge-34","status":"publish","type":"post","link":"https:\/\/www.teilzeit-wg.de\/?p=490","title":{"rendered":"\u201eKlopapier als Abo\u201c Teilzeit-WG \u2013 Der Podcast (Folge 34)"},"content":{"rendered":"\n<p>Eine Folge der Zuf\u00e4lle &#8211; zuf\u00e4llig hat Carmen ihre erste Lebensmittellieferung an dem Tag erhalten, f\u00fcr den Markus das Thema Lebensmittel-Lieferdienste vorbereitet hatte &#8211; ohne das Wissen um die Lieferung. So ergeben sich wirklich Erfahrungen aus allererster Hand. Aber h\u00f6rt selbst:<\/p>\n\n\n\n<ul class=\"wp-block-list\"><li>Impfbeschwerden<\/li><li>Wechselhaftes Wetter<\/li><li>Ganz viel Essen<\/li><li>Wenn der Name nicht auf dem Klingelschild steht<\/li><\/ul>\n\n\n\n<p>Viel Spa\u00df beim H\u00f6ren. Hier k\u00f6nnt Ihr die Folge in voller L\u00e4nge genie\u00dfen:<\/p>\n<div class=\"powerpress_player\" id=\"powerpress_player_7176\"><audio class=\"wp-audio-shortcode\" id=\"audio-490-1\" preload=\"none\" style=\"width: 100%;\" controls=\"controls\"><source type=\"audio\/mpeg\" src=\"http:\/\/www.teilzeit-wg.de\/wp-content\/uploads\/2021\/06\/Folge34.mp3?_=1\" \/><a href=\"http:\/\/www.teilzeit-wg.de\/wp-content\/uploads\/2021\/06\/Folge34.mp3\">http:\/\/www.teilzeit-wg.de\/wp-content\/uploads\/2021\/06\/Folge34.mp3<\/a><\/audio><\/div><p class=\"powerpress_links powerpress_links_mp3\" style=\"margin-bottom: 1px !important;\">Podcast: <a href=\"http:\/\/www.teilzeit-wg.de\/wp-content\/uploads\/2021\/06\/Folge34.mp3\" class=\"powerpress_link_pinw\" target=\"_blank\" title=\"Play in new window\" onclick=\"return powerpress_pinw('https:\/\/www.teilzeit-wg.de\/?powerpress_pinw=490-podcast');\" rel=\"nofollow\">Play in new window<\/a><\/p>","protected":false},"excerpt":{"rendered":"<p class=\"post-excerpt\">Eine Folge der Zuf\u00e4lle &#8211; zuf\u00e4llig hat Carmen ihre erste Lebensmittellieferung an dem Tag erhalten, f\u00fcr den Markus das Thema&#8230;<\/p>\n","protected":false},"author":2,"featured_media":491,"comment_status":"closed","ping_status":"open","sticky":false,"template":"","format":"standard","meta":{"inline_featured_image":false,"footnotes":""},"categories":[2],"tags":[168,167,169,530,270,122,269,8,147,533,532,11,48,4,531,7,5,195,10,44],"class_list":["post-490","post","type-post","status-publish","format-standard","has-post-thumbnail","hentry","category-neue-folge","tag-alltag","tag-digital","tag-digitalisierung","tag-einkaufen","tag-ernaehrung","tag-essen","tag-familie","tag-it","tag-kindheit","tag-lebensmittel","tag-lieferdienst","tag-medien","tag-neue-folge","tag-podcast","tag-supermarkt","tag-technik","tag-teilzeit-wg","tag-trinken","tag-unterhaltung","tag-wg-kueche"],"_links":{"self":[{"href":"https:\/\/www.teilzeit-wg.de\/index.php?rest_route=\/wp\/v2\/posts\/490","targetHints":{"allow":["GET"]}}],"collection":[{"href":"https:\/\/www.teilzeit-wg.de\/index.php?rest_route=\/wp\/v2\/posts"}],"about":[{"href":"https:\/\/www.teilzeit-wg.de\/index.php?rest_route=\/wp\/v2\/types\/post"}],"author":[{"embeddable":true,"href":"https:\/\/www.teilzeit-wg.de\/index.php?rest_route=\/wp\/v2\/users\/2"}],"replies":[{"embeddable":true,"href":"https:\/\/www.teilzeit-wg.de\/index.php?rest_route=%2Fwp%2Fv2%2Fcomments&post=490"}],"version-history":[{"count":2,"href":"https:\/\/www.teilzeit-wg.de\/index.php?rest_route=\/wp\/v2\/posts\/490\/revisions"}],"predecessor-version":[{"id":494,"href":"https:\/\/www.teilzeit-wg.de\/index.php?rest_route=\/wp\/v2\/posts\/490\/revisions\/494"}],"wp:featuredmedia":[{"embeddable":true,"href":"https:\/\/www.teilzeit-wg.de\/index.php?rest_route=\/wp\/v2\/media\/491"}],"wp:attachment":[{"href":"https:\/\/www.teilzeit-wg.de\/index.php?rest_route=%2Fwp%2Fv2%2Fmedia&parent=490"}],"wp:term":[{"taxonomy":"category","embeddable":true,"href":"https:\/\/www.teilzeit-wg.de\/index.php?rest_route=%2Fwp%2Fv2%2Fcategories&post=490"},{"taxonomy":"post_tag","embeddable":true,"href":"https:\/\/www.teilzeit-wg.de\/index.php?rest_route=%2Fwp%2Fv2%2Ftags&post=490"}],"curies":[{"name":"wp","href":"https:\/\/api.w.org\/{rel}","templated":true}]}}