{"id":212,"date":"2020-10-31T18:15:21","date_gmt":"2020-10-31T16:15:21","guid":{"rendered":"http:\/\/www.teilzeit-wg.de\/?p=212"},"modified":"2020-11-07T14:54:23","modified_gmt":"2020-11-07T12:54:23","slug":"carmen-digital-teilzeit-wg-der-podcast-folge-7","status":"publish","type":"post","link":"https:\/\/www.teilzeit-wg.de\/?p=212","title":{"rendered":"&#8222;Carmen Digital&#8220; Teilzeit-WG &#8211; Der Podcast (Folge 7)"},"content":{"rendered":"\n<p>Ihr fragt euch, wie genau Carmen ihre Seele verkauft, Apfelmus zu Lasagne passt und was K\u00fche mit dem Internet zu tun haben? Dann seid ihr heute genau richtig in der Teilzeit-WG, denn Carmen und Markus reden \u00fcber:<\/p>\n\n\n\n<ul class=\"wp-block-list\"><li>Das Wort der Woche<\/li><li>Digitalisierung im Alltag<\/li><li>Wie Carmen ihre Seele verkauft<\/li><li>K\u00fche<\/li><\/ul>\n\n\n\n<p>Viel Spa\u00df beim H\u00f6ren. Hier k\u00f6nnt Ihr die Folge in voller L\u00e4nge genie\u00dfen:<\/p>\n<div class=\"powerpress_player\" id=\"powerpress_player_3546\"><audio class=\"wp-audio-shortcode\" id=\"audio-212-1\" preload=\"none\" style=\"width: 100%;\" controls=\"controls\"><source type=\"audio\/mpeg\" src=\"http:\/\/www.teilzeit-wg.de\/wp-content\/uploads\/2020\/10\/Folge7.mp3?_=1\" \/><a href=\"http:\/\/www.teilzeit-wg.de\/wp-content\/uploads\/2020\/10\/Folge7.mp3\">http:\/\/www.teilzeit-wg.de\/wp-content\/uploads\/2020\/10\/Folge7.mp3<\/a><\/audio><\/div><p class=\"powerpress_links powerpress_links_mp3\" style=\"margin-bottom: 1px !important;\">Podcast: <a href=\"http:\/\/www.teilzeit-wg.de\/wp-content\/uploads\/2020\/10\/Folge7.mp3\" class=\"powerpress_link_pinw\" target=\"_blank\" title=\"Play in new window\" onclick=\"return powerpress_pinw('https:\/\/www.teilzeit-wg.de\/?powerpress_pinw=212-podcast');\" rel=\"nofollow\">Play in new window<\/a><\/p>","protected":false},"excerpt":{"rendered":"<p class=\"post-excerpt\">Ihr fragt euch, wie genau Carmen ihre Seele verkauft, Apfelmus zu Lasagne passt und was K\u00fche mit dem Internet zu&#8230;<\/p>\n","protected":false},"author":2,"featured_media":219,"comment_status":"closed","ping_status":"open","sticky":false,"template":"","format":"standard","meta":{"inline_featured_image":false,"footnotes":""},"categories":[2],"tags":[168,167,169,8,170,11,48,4,7,5,10],"class_list":["post-212","post","type-post","status-publish","format-standard","has-post-thumbnail","hentry","category-neue-folge","tag-alltag","tag-digital","tag-digitalisierung","tag-it","tag-kuehe","tag-medien","tag-neue-folge","tag-podcast","tag-technik","tag-teilzeit-wg","tag-unterhaltung"],"_links":{"self":[{"href":"https:\/\/www.teilzeit-wg.de\/index.php?rest_route=\/wp\/v2\/posts\/212","targetHints":{"allow":["GET"]}}],"collection":[{"href":"https:\/\/www.teilzeit-wg.de\/index.php?rest_route=\/wp\/v2\/posts"}],"about":[{"href":"https:\/\/www.teilzeit-wg.de\/index.php?rest_route=\/wp\/v2\/types\/post"}],"author":[{"embeddable":true,"href":"https:\/\/www.teilzeit-wg.de\/index.php?rest_route=\/wp\/v2\/users\/2"}],"replies":[{"embeddable":true,"href":"https:\/\/www.teilzeit-wg.de\/index.php?rest_route=%2Fwp%2Fv2%2Fcomments&post=212"}],"version-history":[{"count":2,"href":"https:\/\/www.teilzeit-wg.de\/index.php?rest_route=\/wp\/v2\/posts\/212\/revisions"}],"predecessor-version":[{"id":215,"href":"https:\/\/www.teilzeit-wg.de\/index.php?rest_route=\/wp\/v2\/posts\/212\/revisions\/215"}],"wp:featuredmedia":[{"embeddable":true,"href":"https:\/\/www.teilzeit-wg.de\/index.php?rest_route=\/wp\/v2\/media\/219"}],"wp:attachment":[{"href":"https:\/\/www.teilzeit-wg.de\/index.php?rest_route=%2Fwp%2Fv2%2Fmedia&parent=212"}],"wp:term":[{"taxonomy":"category","embeddable":true,"href":"https:\/\/www.teilzeit-wg.de\/index.php?rest_route=%2Fwp%2Fv2%2Fcategories&post=212"},{"taxonomy":"post_tag","embeddable":true,"href":"https:\/\/www.teilzeit-wg.de\/index.php?rest_route=%2Fwp%2Fv2%2Ftags&post=212"}],"curies":[{"name":"wp","href":"https:\/\/api.w.org\/{rel}","templated":true}]}}